{"id":1813,"date":"2020-10-08T13:58:47","date_gmt":"2020-10-08T11:58:47","guid":{"rendered":"http:\/\/gruppoprotezionecivile.carpidiem.it\/?p=1813"},"modified":"2020-10-19T20:24:21","modified_gmt":"2020-10-19T18:24:21","slug":"io-non-rischio-alluvione-domenica-11-ottobre-2020","status":"publish","type":"post","link":"https:\/\/gruppoprotezionecivile.carpidiem.it\/?p=1813","title":{"rendered":"\u201cIo non rischio\u201d Alluvione.  Domenica 11 ottobre 2020"},"content":{"rendered":"<p><strong>Campagna nazionale per le buone pratiche di protezione civile, in edizione social<\/strong><\/p>\n<p><strong>Il Gruppo Comunale Volontari Protezione Civile di Carpi <\/strong><strong>aspetta i cittadini sulla pagina Facebook \u201cProtezione Civile Carpi\u201d<\/strong> <strong>per parlare di prevenzione ed autoprotezione in caso di <\/strong><strong>Alluvione<\/strong><strong>.<\/strong><\/p>\n<p><!--more--><\/p>\n<p><strong>Domenica 11 ottobre<\/strong> torna <strong>Io Non Rischio,<\/strong> la <strong>campagna nazionale<\/strong> promossa dal Dipartimento nazionale di Protezione civile, il volontariato di protezione civile, le istituzioni e il mondo della ricerca scientifica, per diffondere la cultura della prevenzione e sensibilizzare ai propri concittadini sul <strong>rischio Alluvione<\/strong>.<\/p>\n<p>La campagna \u201cIo non rischio\u201d <a href=\"http:\/\/www.iononrischio.it\/\">www.iononrischio.it<\/a>, giunta alla sua decima edizione, si svolger\u00e0 con una importante novit\u00e0, a causa dell\u2019emergenza Covid-19 e delle necessarie precauzioni sanitarie, le Piazze Io Non Rischio quest\u2019anno diventano <strong>Piazze Digitali<\/strong>.<\/p>\n<p>I volontari di protezione civile incontreranno i cittadini in luoghi ricreati sul mondo del web, attraverso pagine Facebook, sui canali Instagram e Youtube, con materiali informativi e comunicativi riproponendo le stesse modalit\u00e0 che hanno portato in questi anni a confrontarsi nelle piazze dei nostri paesi e delle nostre citt\u00e0 e conoscere in modo pi\u00f9 approfondito i rischi ed i comportamenti pi\u00f9 corretti di autoprotezione da mettere in pratica.<\/p>\n<p>Questa bellissima esperienza di dialogo non si interrompe.<\/p>\n<p>Pertanto, <strong>DOMENICA 11 OTTOBRE, i volontari di protezione civile del gruppo comunale di Carpi invitano i cittadini a partecipare agli appuntamenti nella piazza digitale Facebook&nbsp; \u201cProtezione Civile Carpi\u201d con un programma ricco di iniziative inerenti il rischio ALLUVIONE.<\/strong><\/p>\n<p><strong>PROGRAMMA:<\/strong><\/p>\n<p><strong>Ore 8:00 \u2013 Post di benvenuto e apertura piazza con intervento del responsabile di piazza<\/strong><\/p>\n<p><strong>Ore 10:00 \u2013 Intervista al Sindaco Alberto Bellelli e all\u2019Assessore Mariella Lugli<\/strong><\/p>\n<p><strong>Ore 11:00 \u2013 Intervento del responsabile del Servizio Protezione Civile e Pronto Intervento del Comune di Carpi Mauro Zanazzi sul Piano di Emergenza Comunale<\/strong><\/p>\n<p><strong>Ore 12:00 \u2013 intervento della volontaria del Gruppo Comunale di Protezione Civile Giuliana Alimonti sul tema \u00abnuova modalit\u00e0 di allertamento idro meteo\u00bb<\/strong><\/p>\n<p><strong>Ore 15:00 \u2013 Trekking extraurbano virtuale alle casse di espansione del Secchia con intervento dell\u2019Ing. Federica Pellegrini, Dirigente Tecnico di AIPO \u2013 DTI Emilia-Romagna Orientale<\/strong><\/p>\n<p><strong>Ore 16:00 \u2013 post simulazione monitoraggio argini a cura dei volontari&nbsp; del Gruppo Comunale di Protezione Civile di Carpi<\/strong><\/p>\n<p><strong>Ore 19:00 \u2013 post chiusura piazza e saluti<\/strong><\/p>\n<p><strong>&nbsp;<\/strong>\u201cIo non rischio\u201d \u2013 campagna nata nel 2011 per sensibilizzare la popolazione sul rischio sismico e successivamente maremoto e alluvione \u00e8 promossa dal Dipartimento della Protezione Civile con INGV-Istituto Nazionale di Geofisica e Vulcanologia, ANPAS-Associazione Nazionale delle Pubbliche Assistenze e ReLUIS-Consorzio interuniversitario dei laboratori di Ingegneria sismica.<\/p>\n<p>Sul sito ufficiale della campagna, <a href=\"http:\/\/www.iononrischio.it\/\">www.iononrischio.it<\/a>, \u00e8 possibile consultare i materiali informativi su cosa sapere e cosa fare prima, durante e dopo un terremoto, un maremoto o un\u2019alluvione.<\/p>\n<p>il set della piazza virtuale<\/p>\n<figure id=\"attachment_1815\" aria-describedby=\"caption-attachment-1815\" style=\"width: 290px\" class=\"wp-caption alignnone\"><a href=\"https:\/\/gruppoprotezionecivile.carpidiem.it\/?attachment_id=1815\" rel=\"attachment wp-att-1815\"><img loading=\"lazy\" decoding=\"async\" class=\"size-thumbnail wp-image-1815\" src=\"https:\/\/gruppoprotezionecivile.carpidiem.it\/wp-content\/uploads\/2020\/10\/set-virtuale-piazzza-carpi-290x290.jpg\" alt=\"\" width=\"290\" height=\"290\"><\/a><figcaption id=\"caption-attachment-1815\" class=\"wp-caption-text\">Set della piazza virtuale di Carpi<\/figcaption><\/figure>\n","protected":false},"excerpt":{"rendered":"<p>Campagna nazionale per le buone pratiche di protezione civile, in edizione social Il Gruppo Comunale Volontari Protezione Civile di Carpi aspetta i cittadini sulla pagina Facebook \u201cProtezione Civile Carpi\u201d per parlare di prevenzione ed autoprotezione in caso di Alluvione.<\/p>\n","protected":false},"author":10,"featured_media":1815,"comment_status":"open","ping_status":"open","sticky":false,"template":"","format":"standard","meta":{"ngg_post_thumbnail":0,"footnotes":""},"categories":[26,40],"tags":[],"class_list":["post-1813","post","type-post","status-publish","format-standard","has-post-thumbnail","hentry","category-agenda-attivita","category-eventi"],"_links":{"self":[{"href":"https:\/\/gruppoprotezionecivile.carpidiem.it\/index.php?rest_route=\/wp\/v2\/posts\/1813","targetHints":{"allow":["GET"]}}],"collection":[{"href":"https:\/\/gruppoprotezionecivile.carpidiem.it\/index.php?rest_route=\/wp\/v2\/posts"}],"about":[{"href":"https:\/\/gruppoprotezionecivile.carpidiem.it\/index.php?rest_route=\/wp\/v2\/types\/post"}],"author":[{"embeddable":true,"href":"https:\/\/gruppoprotezionecivile.carpidiem.it\/index.php?rest_route=\/wp\/v2\/users\/10"}],"replies":[{"embeddable":true,"href":"https:\/\/gruppoprotezionecivile.carpidiem.it\/index.php?rest_route=%2Fwp%2Fv2%2Fcomments&post=1813"}],"version-history":[{"count":3,"href":"https:\/\/gruppoprotezionecivile.carpidiem.it\/index.php?rest_route=\/wp\/v2\/posts\/1813\/revisions"}],"predecessor-version":[{"id":1819,"href":"https:\/\/gruppoprotezionecivile.carpidiem.it\/index.php?rest_route=\/wp\/v2\/posts\/1813\/revisions\/1819"}],"wp:featuredmedia":[{"embeddable":true,"href":"https:\/\/gruppoprotezionecivile.carpidiem.it\/index.php?rest_route=\/wp\/v2\/media\/1815"}],"wp:attachment":[{"href":"https:\/\/gruppoprotezionecivile.carpidiem.it\/index.php?rest_route=%2Fwp%2Fv2%2Fmedia&parent=1813"}],"wp:term":[{"taxonomy":"category","embeddable":true,"href":"https:\/\/gruppoprotezionecivile.carpidiem.it\/index.php?rest_route=%2Fwp%2Fv2%2Fcategories&post=1813"},{"taxonomy":"post_tag","embeddable":true,"href":"https:\/\/gruppoprotezionecivile.carpidiem.it\/index.php?rest_route=%2Fwp%2Fv2%2Ftags&post=1813"}],"curies":[{"name":"wp","href":"https:\/\/api.w.org\/{rel}","templated":true}]}}