{"id":1848,"date":"2020-12-10T14:58:19","date_gmt":"2020-12-10T13:58:19","guid":{"rendered":"http:\/\/gruppoprotezionecivile.carpidiem.it\/?p=1848"},"modified":"2021-03-01T07:41:45","modified_gmt":"2021-03-01T06:41:45","slug":"6-dicembre-2020-1142-metri-e-il-livello-di-piena-che-transita-al-ponte-di-s-martino-secchia","status":"publish","type":"post","link":"https:\/\/gruppoprotezionecivile.carpidiem.it\/?p=1848","title":{"rendered":"6 Dicembre 2020: 11,42 metri \u00e8 il livello di piena che transita al ponte di S. Martino Secchia"},"content":{"rendered":"<p>Il maltempo ha provocato la rottura degli argini del Panaro in localit\u00e0 Gaggio e una piena eccezionale per il fiume Secchia che ha toccato un record storico superiore di 60 cm rispetto al massimo livello raggiunto in passato.<\/p>\n<p>Un evento dovuto a una situazione meteo definita dai tecnici pi\u00f9 che straordinaria, che ha sommato lo scioglimento della neve in quota, circa 40 centimetri di manto nevoso diventato acqua in pochissime ore, a piogge a carattere torrentizio.<!--more--><\/p>\n<p>Una situazione che la Regione ha monitorato in modo costante con l\u2019assessore regionale alla Protezione Civile, Irene Priolo, insieme alla direttrice dell\u2019Agenzia Regionale per la Sicurezza del Territorio e la Protezione Civile, Rita Nicolini, ai tecnici e volontari, ad AIPo, ai rappresentanti delle forze dell\u2019ordine, dei Vigili del fuoco e dell\u2019Esercito, tutti in collegamento dalla sala operativa del Centro Unificato Provinciale di Protezione Civile di Marzaglia.<\/p>\n<p>Le casse di espansione di Secchia e Panaro hanno raggiunto i livelli massimi e invasato milioni di metri cubi d\u2019acqua. Tuttavia alcuni allagamenti si sono verificati a valle della cassa di espansione di Campogalliano e a valle della cassa di espansione del fiume Panaro con interessamento della localit\u00e0 Fossalta e delle abitazioni a monte e valle della via Emilia da Fossalta al ponte di Sant\u2019Ambrogio. Alcuni allagamenti si sono verificati anche nelle abitazioni limitrofe il torrente Tiepido che ha avuto livelli molto alti per le acque rigurgitate del fiume Panaro.<\/p>\n<p>I ponti lungo l\u2019asta del fiume secchia sono restati ovviamente chiusi al transito: ponte Alto, ponte dell&#8217;Uccellino, ponte Motta, ponte San Martino, ponte Pioppa e il ponte di Concordia sulla Provinciale 8.<\/p>\n<p>In questo quadro serio, preoccupante, reso difficoltoso anche dal maltempo, ha operato il nostro gruppo di volontari ben coordinati e guidati dal C.O.C. e dalla segreteria, seguendo un canovaccio collaudato e procedure precedentemente stabilite dal P.E.C.\u00a0 Continua e costante la presenza del Sindaco Alberto Bellelli e del responsabile Comunale del Servizio di P.C. e Pronto Intervento Mauro Zanazzi.<\/p>\n<p>L\u2019emergenza, allerta rossa, \u00e8 iniziata alle ore 18,00 del 5 dicembre e si \u00e8 protratta, senza soluzione di continuit\u00e0, fino alle ore 18 del 7 dicembre: 48 ore trascorse sul tratto arginale di competenza del Comune di Carpi al fine di sorvegliare l\u2019andamento della piena e segnalare eventuali irregolarit\u00e0 quali smottamenti, frane, zatteroni, fontanazzi, tracimazioni.<\/p>\n<p>Ben 52 sono i volontari che si sono alternati nei vari turni di monitoraggio per un totale di circa 530 ore.<\/p>\n<p>Seguono alcune foto dell\u2019evento<\/p>\n<figure id=\"attachment_1849\" aria-describedby=\"caption-attachment-1849\" style=\"width: 290px\" class=\"wp-caption alignnone\"><a href=\"https:\/\/gruppoprotezionecivile.carpidiem.it\/?attachment_id=1849\" rel=\"attachment wp-att-1849\"><img loading=\"lazy\" decoding=\"async\" class=\"size-thumbnail wp-image-1849\" src=\"https:\/\/gruppoprotezionecivile.carpidiem.it\/wp-content\/uploads\/2020\/12\/ponte-s.-martino-secchia-6_12_20-290x290.jpg\" alt=\"\" width=\"290\" height=\"290\" srcset=\"https:\/\/gruppoprotezionecivile.carpidiem.it\/wp-content\/uploads\/2020\/12\/ponte-s.-martino-secchia-6_12_20-290x290.jpg 290w, https:\/\/gruppoprotezionecivile.carpidiem.it\/wp-content\/uploads\/2020\/12\/ponte-s.-martino-secchia-6_12_20-300x300.jpg 300w, https:\/\/gruppoprotezionecivile.carpidiem.it\/wp-content\/uploads\/2020\/12\/ponte-s.-martino-secchia-6_12_20-768x768.jpg 768w, https:\/\/gruppoprotezionecivile.carpidiem.it\/wp-content\/uploads\/2020\/12\/ponte-s.-martino-secchia-6_12_20-1024x1024.jpg 1024w, https:\/\/gruppoprotezionecivile.carpidiem.it\/wp-content\/uploads\/2020\/12\/ponte-s.-martino-secchia-6_12_20.jpg 1080w\" sizes=\"auto, (max-width: 290px) 100vw, 290px\" \/><\/a><figcaption id=\"caption-attachment-1849\" class=\"wp-caption-text\">La piena al ponte di San Martino Secchia<\/figcaption><\/figure>\n<figure id=\"attachment_1850\" aria-describedby=\"caption-attachment-1850\" style=\"width: 290px\" class=\"wp-caption alignnone\"><a href=\"https:\/\/gruppoprotezionecivile.carpidiem.it\/?attachment_id=1850\" rel=\"attachment wp-att-1850\"><img loading=\"lazy\" decoding=\"async\" class=\"size-thumbnail wp-image-1850\" src=\"https:\/\/gruppoprotezionecivile.carpidiem.it\/wp-content\/uploads\/2020\/12\/sindaco-bellelli-con-volontari-290x290.jpg\" alt=\"\" width=\"290\" height=\"290\" \/><\/a><figcaption id=\"caption-attachment-1850\" class=\"wp-caption-text\">Il sindaco con alcuni volontari presso la sede del C.O.C.<\/figcaption><\/figure>\n<figure id=\"attachment_1851\" aria-describedby=\"caption-attachment-1851\" style=\"width: 290px\" class=\"wp-caption alignnone\"><a href=\"https:\/\/gruppoprotezionecivile.carpidiem.it\/?attachment_id=1851\" rel=\"attachment wp-att-1851\"><img loading=\"lazy\" decoding=\"async\" class=\"size-thumbnail wp-image-1851\" src=\"https:\/\/gruppoprotezionecivile.carpidiem.it\/wp-content\/uploads\/2020\/12\/gruppo-di-volontari-in-partenza-per-monitoraggio-290x290.jpg\" alt=\"\" width=\"290\" height=\"290\" \/><\/a><figcaption id=\"caption-attachment-1851\" class=\"wp-caption-text\">Un gruppo di volontari in partenza per il monitoraggio<\/figcaption><\/figure>\n<figure id=\"attachment_1852\" aria-describedby=\"caption-attachment-1852\" style=\"width: 290px\" class=\"wp-caption alignnone\"><a href=\"https:\/\/gruppoprotezionecivile.carpidiem.it\/?attachment_id=1852\" rel=\"attachment wp-att-1852\"><img loading=\"lazy\" decoding=\"async\" class=\"size-thumbnail wp-image-1852\" src=\"https:\/\/gruppoprotezionecivile.carpidiem.it\/wp-content\/uploads\/2020\/12\/ponte-motta-6_12_20-290x290.jpg\" alt=\"\" width=\"290\" height=\"290\" \/><\/a><figcaption id=\"caption-attachment-1852\" class=\"wp-caption-text\">La piena al ponte Motta<\/figcaption><\/figure>\n<figure id=\"attachment_1853\" aria-describedby=\"caption-attachment-1853\" style=\"width: 290px\" class=\"wp-caption alignnone\"><a href=\"https:\/\/gruppoprotezionecivile.carpidiem.it\/?attachment_id=1853\" rel=\"attachment wp-att-1853\"><img loading=\"lazy\" decoding=\"async\" class=\"size-thumbnail wp-image-1853\" src=\"https:\/\/gruppoprotezionecivile.carpidiem.it\/wp-content\/uploads\/2020\/12\/ponte-alto-6_12_20-290x290.jpg\" alt=\"\" width=\"290\" height=\"290\" \/><\/a><figcaption id=\"caption-attachment-1853\" class=\"wp-caption-text\">La piena al ponte Alto<\/figcaption><\/figure>\n","protected":false},"excerpt":{"rendered":"<p>Il maltempo ha provocato la rottura degli argini del Panaro in localit\u00e0 Gaggio e una piena eccezionale per il fiume Secchia che ha toccato un record storico superiore di 60 cm rispetto al massimo livello raggiunto in passato. Un evento dovuto a una situazione meteo definita dai tecnici pi\u00f9 che straordinaria, che ha sommato lo<\/p>\n","protected":false},"author":10,"featured_media":1849,"comment_status":"open","ping_status":"open","sticky":false,"template":"","format":"standard","meta":{"ngg_post_thumbnail":0,"footnotes":""},"categories":[26,40],"tags":[],"class_list":["post-1848","post","type-post","status-publish","format-standard","has-post-thumbnail","hentry","category-agenda-attivita","category-eventi"],"_links":{"self":[{"href":"https:\/\/gruppoprotezionecivile.carpidiem.it\/index.php?rest_route=\/wp\/v2\/posts\/1848","targetHints":{"allow":["GET"]}}],"collection":[{"href":"https:\/\/gruppoprotezionecivile.carpidiem.it\/index.php?rest_route=\/wp\/v2\/posts"}],"about":[{"href":"https:\/\/gruppoprotezionecivile.carpidiem.it\/index.php?rest_route=\/wp\/v2\/types\/post"}],"author":[{"embeddable":true,"href":"https:\/\/gruppoprotezionecivile.carpidiem.it\/index.php?rest_route=\/wp\/v2\/users\/10"}],"replies":[{"embeddable":true,"href":"https:\/\/gruppoprotezionecivile.carpidiem.it\/index.php?rest_route=%2Fwp%2Fv2%2Fcomments&post=1848"}],"version-history":[{"count":2,"href":"https:\/\/gruppoprotezionecivile.carpidiem.it\/index.php?rest_route=\/wp\/v2\/posts\/1848\/revisions"}],"predecessor-version":[{"id":1855,"href":"https:\/\/gruppoprotezionecivile.carpidiem.it\/index.php?rest_route=\/wp\/v2\/posts\/1848\/revisions\/1855"}],"wp:featuredmedia":[{"embeddable":true,"href":"https:\/\/gruppoprotezionecivile.carpidiem.it\/index.php?rest_route=\/wp\/v2\/media\/1849"}],"wp:attachment":[{"href":"https:\/\/gruppoprotezionecivile.carpidiem.it\/index.php?rest_route=%2Fwp%2Fv2%2Fmedia&parent=1848"}],"wp:term":[{"taxonomy":"category","embeddable":true,"href":"https:\/\/gruppoprotezionecivile.carpidiem.it\/index.php?rest_route=%2Fwp%2Fv2%2Fcategories&post=1848"},{"taxonomy":"post_tag","embeddable":true,"href":"https:\/\/gruppoprotezionecivile.carpidiem.it\/index.php?rest_route=%2Fwp%2Fv2%2Ftags&post=1848"}],"curies":[{"name":"wp","href":"https:\/\/api.w.org\/{rel}","templated":true}]}}