{"id":1874,"date":"2021-03-01T07:50:48","date_gmt":"2021-03-01T06:50:48","guid":{"rendered":"http:\/\/gruppoprotezionecivile.carpidiem.it\/?p=1874"},"modified":"2023-09-26T17:48:19","modified_gmt":"2023-09-26T15:48:19","slug":"la-protezione-civile-va-a-scuolaai-tempi-del-covid","status":"publish","type":"post","link":"https:\/\/gruppoprotezionecivile.carpidiem.it\/?p=1874","title":{"rendered":"La Protezione Civile va a scuola\u2026\u2026ai tempi del Covid!"},"content":{"rendered":"<p>Il 26\/02\/2021 ore 08,30 alcuni volontari del nostro gruppo si sono collegati in video conferenza contemporaneamente con <span style=\"color: #000080;\"><strong>20 classi della scuola secondaria di primo grado A. Pio di Carpi<\/strong>,<\/span> per parlare di chi \u00e8 e cosa fa la Protezione Civile. Un evento reso possibile dalle recenti e rivoluzionarie modalit\u00e0 di comunicazione accelerate dalla necessit\u00e0 del distanziamento imposta dai protocolli sanitari antiCovid (ogni classe ha partecipato restando nella propria aula).<\/p>\n<p>Un sentito ringraziamento va al prof. Marco Bulgarelli, che si \u00e8 prodigato nel coordinare l\u2019evento per questa platea rappresentata da oltre 400 studenti.<!--more--><\/p>\n<p>Il D.Lgs n. 1\/2018 \u201cCodice della Protezione Civile\u201d introduce tra le attivit\u00e0 di prevenzione non strutturale <em>\u201cla diffusione della conoscenza e della cultura della protezione civile, anche con il coinvolgimento delle istituzioni scolastiche, allo scopo di promuovere la resilienza delle comunit\u00e0 e l&#8217;adozione di comportamenti consapevoli e misure di autoprotezione da parte dei cittadini\u201d<\/em>.<\/p>\n<p>Si pu\u00f2 pertanto affermare come la comunicazione e l\u2019informazione rivestano un ruolo fondamentale nella mitigazione dei pericoli a cui la collettivit\u00e0 ed il singolo sono esposti, costruendo una cultura della conoscenza del rischio che, attraverso l&#8217;attuazione di comportamenti consapevoli e organizzati, contribuisce a formare una comunit\u00e0 resiliente in grado cio\u00e8 di attivare azioni idonee ad affrontare la situazione emergenziale a tutela dell&#8217;incolumit\u00e0 personale e sociale.<\/p>\n<p>Il mondo della scuola rappresenta la realt\u00e0 pi\u00f9 sensibile e disponibile a veicolare ai pi\u00f9 giovani i concetti di solidariet\u00e0, di partecipazione, di condivisione, di rispetto e sicurezza.<\/p>\n<p>Promuovere le migliori forme di coinvolgimento per unire la Protezione Civile, il mondo del Volontariato e la Scuola, rappresenta un investimento sociale e culturale per il futuro.<\/p>\n<p>Il Progetto \u201cLa Protezione Civile va a Scuola\u201d, rientra tra le attivit\u00e0 di formazione e divulgazione alla popolazione della cultura di Protezione Civile previste dal Codice della P. C. e recepite dal Piano di Emergenza Comunale.<\/p>\n<p>I contenuti del progetto presentato agli studenti sono cos\u00ec schematizzati:<\/p>\n<ul>\n<li>Proiezione di un filmato \u201cProgetto Campo VOLO\u201d che riproduce diverse attivit\u00e0 svolte dalla P. C. locale quali addestramenti, interventi per emergenze, formazione rivolta a studenti della scuola secondaria di secondo grado tramite il loro coinvolgimento attivo in un campo di protezione civile.<\/li>\n<li>Organizzazione del Sistema di Protezione Civile locale e nazionale con un intervento (registrato) del Sindaco Alberto Bellelli quale capo della P. C. locale.<\/li>\n<li>Intervento del responsabile Comunale del Servizio di P.C. e Pronto Intervento Mauro Zanazzi che illustra i principali contenuti del Piano di Emergenza Comunale (P.E.C.) di Protezione Civile, con particolare riferimento all\u2019individuazione delle aree di attesa e di accoglienza distribuite sul territorio comunale e le funzioni del Centro Operativo Comunale (C.O.C.).<\/li>\n<li>Proiezione di due filmati pubblicati dall\u2019Agenzia Regionale per la Sicurezza Territoriale e Protezione Civile dell\u2019Emilia Romagna: \u201cCosa fare in caso di terremoto\u201d e \u201cChe cosa \u00e8 un\u2019alluvione\u201d.<\/li>\n<li>Piano di Emergenza Familiare e preparazione dello zainetto di emergenza.<\/li>\n<\/ul>\n<p>La riuscita dell\u2019evento \u00e8 testimoniata dalla pioggia di domande che sono state fatte al termine della conferenza, tutte allineate agli argomenti trattati a dimostrazione dell\u2019interesse suscitato e della vivace preparazione degli studenti che hanno partecipato.<\/p>\n<p>Riporto inoltre un commento da parte di alcuni docenti che hanno intravisto negli studenti entusiasmo e sensibilit\u00e0 all\u2019evento nel ritrovarsi uniti, anche se solo virtualmente, dopo tanto tempo di distanziamento fisico. Tale reazione ha fatto pensare ai docenti stessi che l\u2019esperimento di comunicazione collegiale possa essere ripetuto anche con altri argomenti di carattere comune.<\/p>\n<figure id=\"attachment_1875\" aria-describedby=\"caption-attachment-1875\" style=\"width: 290px\" class=\"wp-caption alignnone\"><a href=\"https:\/\/gruppoprotezionecivile.carpidiem.it\/?attachment_id=1875\" rel=\"attachment wp-att-1875\"><img loading=\"lazy\" decoding=\"async\" class=\"size-thumbnail wp-image-1875\" src=\"https:\/\/gruppoprotezionecivile.carpidiem.it\/wp-content\/uploads\/2021\/03\/diapo-copertina-progetto-290x290.jpg\" alt=\"\" width=\"290\" height=\"290\"><\/a><figcaption id=\"caption-attachment-1875\" class=\"wp-caption-text\">La copertina del progetto didattico<\/figcaption><\/figure>\n<figure id=\"attachment_1876\" aria-describedby=\"caption-attachment-1876\" style=\"width: 290px\" class=\"wp-caption alignnone\"><a href=\"https:\/\/gruppoprotezionecivile.carpidiem.it\/?attachment_id=1876\" rel=\"attachment wp-att-1876\"><img loading=\"lazy\" decoding=\"async\" class=\"size-thumbnail wp-image-1876\" src=\"https:\/\/gruppoprotezionecivile.carpidiem.it\/wp-content\/uploads\/2021\/03\/2108499_1024x0r72_h79184-290x290.png\" alt=\"\" width=\"290\" height=\"290\"><\/a><figcaption id=\"caption-attachment-1876\" class=\"wp-caption-text\">Vista dell&#8217;ingresso storico alle A. Pio<\/figcaption><\/figure>\n","protected":false},"excerpt":{"rendered":"<p>Il 26\/02\/2021 ore 08,30 alcuni volontari del nostro gruppo si sono collegati in video conferenza contemporaneamente con 20 classi della scuola secondaria di primo grado A. Pio di Carpi, per parlare di chi \u00e8 e cosa fa la Protezione Civile. Un evento reso possibile dalle recenti e rivoluzionarie modalit\u00e0 di comunicazione accelerate dalla necessit\u00e0 del<\/p>\n","protected":false},"author":10,"featured_media":1875,"comment_status":"open","ping_status":"open","sticky":false,"template":"","format":"standard","meta":{"ngg_post_thumbnail":0,"footnotes":""},"categories":[26,40],"tags":[],"class_list":["post-1874","post","type-post","status-publish","format-standard","has-post-thumbnail","hentry","category-agenda-attivita","category-eventi"],"_links":{"self":[{"href":"https:\/\/gruppoprotezionecivile.carpidiem.it\/index.php?rest_route=\/wp\/v2\/posts\/1874","targetHints":{"allow":["GET"]}}],"collection":[{"href":"https:\/\/gruppoprotezionecivile.carpidiem.it\/index.php?rest_route=\/wp\/v2\/posts"}],"about":[{"href":"https:\/\/gruppoprotezionecivile.carpidiem.it\/index.php?rest_route=\/wp\/v2\/types\/post"}],"author":[{"embeddable":true,"href":"https:\/\/gruppoprotezionecivile.carpidiem.it\/index.php?rest_route=\/wp\/v2\/users\/10"}],"replies":[{"embeddable":true,"href":"https:\/\/gruppoprotezionecivile.carpidiem.it\/index.php?rest_route=%2Fwp%2Fv2%2Fcomments&post=1874"}],"version-history":[{"count":3,"href":"https:\/\/gruppoprotezionecivile.carpidiem.it\/index.php?rest_route=\/wp\/v2\/posts\/1874\/revisions"}],"predecessor-version":[{"id":1930,"href":"https:\/\/gruppoprotezionecivile.carpidiem.it\/index.php?rest_route=\/wp\/v2\/posts\/1874\/revisions\/1930"}],"wp:featuredmedia":[{"embeddable":true,"href":"https:\/\/gruppoprotezionecivile.carpidiem.it\/index.php?rest_route=\/wp\/v2\/media\/1875"}],"wp:attachment":[{"href":"https:\/\/gruppoprotezionecivile.carpidiem.it\/index.php?rest_route=%2Fwp%2Fv2%2Fmedia&parent=1874"}],"wp:term":[{"taxonomy":"category","embeddable":true,"href":"https:\/\/gruppoprotezionecivile.carpidiem.it\/index.php?rest_route=%2Fwp%2Fv2%2Fcategories&post=1874"},{"taxonomy":"post_tag","embeddable":true,"href":"https:\/\/gruppoprotezionecivile.carpidiem.it\/index.php?rest_route=%2Fwp%2Fv2%2Ftags&post=1874"}],"curies":[{"name":"wp","href":"https:\/\/api.w.org\/{rel}","templated":true}]}}