{"id":536,"date":"2014-05-26T22:49:27","date_gmt":"2014-05-26T20:49:27","guid":{"rendered":"http:\/\/gruppoprotezionecivile.carpidiem.it\/?p=536"},"modified":"2014-06-26T15:30:41","modified_gmt":"2014-06-26T13:30:41","slug":"sei-una-frana","status":"publish","type":"post","link":"https:\/\/gruppoprotezionecivile.carpidiem.it\/?p=536","title":{"rendered":"Sei una frana !"},"content":{"rendered":"<p>Il Gruppo Volontari della Protezione Civile di Carpi prender\u00e0 parte all&#8217;attivit\u00e0 prevista per i prossimi 30 e 31 Maggio 2014 con una propria delegazione.<\/p>\n<p>A seguire il dettaglio delle attivit\u00e0 pianificate:<\/p>\n<p><a href=\"https:\/\/gruppoprotezionecivile.carpidiem.it\/wp-content\/uploads\/2014\/05\/Programma_giornate_Frassinoro_MO-page-001.jpg\"><img loading=\"lazy\" decoding=\"async\" class=\"alignnone size-medium wp-image-540\" alt=\"Programma_giornate_Frassinoro_MO-page-001\" src=\"https:\/\/gruppoprotezionecivile.carpidiem.it\/wp-content\/uploads\/2014\/05\/Programma_giornate_Frassinoro_MO-page-001-300x212.jpg\" width=\"300\" height=\"212\" srcset=\"https:\/\/gruppoprotezionecivile.carpidiem.it\/wp-content\/uploads\/2014\/05\/Programma_giornate_Frassinoro_MO-page-001-300x212.jpg 300w, https:\/\/gruppoprotezionecivile.carpidiem.it\/wp-content\/uploads\/2014\/05\/Programma_giornate_Frassinoro_MO-page-001-1024x723.jpg 1024w, https:\/\/gruppoprotezionecivile.carpidiem.it\/wp-content\/uploads\/2014\/05\/Programma_giornate_Frassinoro_MO-page-001.jpg 1754w\" sizes=\"auto, (max-width: 300px) 100vw, 300px\" \/><\/a><\/p>\n","protected":false},"excerpt":{"rendered":"<p>Il Gruppo Volontari della Protezione Civile di Carpi prender\u00e0 parte all&#8217;attivit\u00e0 prevista per i prossimi 30 e 31 Maggio 2014 con una propria delegazione. A seguire il dettaglio delle attivit\u00e0 pianificate:<\/p>\n","protected":false},"author":8,"featured_media":630,"comment_status":"open","ping_status":"open","sticky":false,"template":"","format":"standard","meta":{"ngg_post_thumbnail":0,"footnotes":""},"categories":[26],"tags":[39,30],"class_list":["post-536","post","type-post","status-publish","format-standard","has-post-thumbnail","hentry","category-agenda-attivita","tag-attivita-volontari-protezione-civile-carpi","tag-tag3"],"_links":{"self":[{"href":"https:\/\/gruppoprotezionecivile.carpidiem.it\/index.php?rest_route=\/wp\/v2\/posts\/536","targetHints":{"allow":["GET"]}}],"collection":[{"href":"https:\/\/gruppoprotezionecivile.carpidiem.it\/index.php?rest_route=\/wp\/v2\/posts"}],"about":[{"href":"https:\/\/gruppoprotezionecivile.carpidiem.it\/index.php?rest_route=\/wp\/v2\/types\/post"}],"author":[{"embeddable":true,"href":"https:\/\/gruppoprotezionecivile.carpidiem.it\/index.php?rest_route=\/wp\/v2\/users\/8"}],"replies":[{"embeddable":true,"href":"https:\/\/gruppoprotezionecivile.carpidiem.it\/index.php?rest_route=%2Fwp%2Fv2%2Fcomments&post=536"}],"version-history":[{"count":3,"href":"https:\/\/gruppoprotezionecivile.carpidiem.it\/index.php?rest_route=\/wp\/v2\/posts\/536\/revisions"}],"predecessor-version":[{"id":541,"href":"https:\/\/gruppoprotezionecivile.carpidiem.it\/index.php?rest_route=\/wp\/v2\/posts\/536\/revisions\/541"}],"wp:featuredmedia":[{"embeddable":true,"href":"https:\/\/gruppoprotezionecivile.carpidiem.it\/index.php?rest_route=\/wp\/v2\/media\/630"}],"wp:attachment":[{"href":"https:\/\/gruppoprotezionecivile.carpidiem.it\/index.php?rest_route=%2Fwp%2Fv2%2Fmedia&parent=536"}],"wp:term":[{"taxonomy":"category","embeddable":true,"href":"https:\/\/gruppoprotezionecivile.carpidiem.it\/index.php?rest_route=%2Fwp%2Fv2%2Fcategories&post=536"},{"taxonomy":"post_tag","embeddable":true,"href":"https:\/\/gruppoprotezionecivile.carpidiem.it\/index.php?rest_route=%2Fwp%2Fv2%2Ftags&post=536"}],"curies":[{"name":"wp","href":"https:\/\/api.w.org\/{rel}","templated":true}]}}